{"id":382,"date":"2013-03-21T20:46:13","date_gmt":"2013-03-21T19:46:13","guid":{"rendered":"http:\/\/www.zimek.at\/wp\/?p=382"},"modified":"2017-01-17T14:47:38","modified_gmt":"2017-01-17T13:47:38","slug":"geburtstagsparty-von-jonas-in-der-regenbogenwelt","status":"publish","type":"post","link":"https:\/\/www.zimek.at\/wp\/geburtstagsparty-von-jonas-in-der-regenbogenwelt\/","title":{"rendered":"Geburtstagsparty von Jonas in der Regenbogenwelt"},"content":{"rendered":"<p><a class=\"shutterset_\" href=\"http:\/\/www.zimek.at\/wp\/wp-content\/gallery\/geburtstagsparty-jonas-2013\/einladung.jpg\"><img loading=\"lazy\" decoding=\"async\" class=\"ngg-singlepic ngg-center alignleft\" src=\"http:\/\/www.zimek.at\/wp\/wp-content\/gallery\/geburtstagsparty-jonas-2013\/thumbs\/thumbs_einladung.jpg\" alt=\"einladung\" width=\"140\" height=\"93\" \/><\/a>Ja das war lustig (f\u00fcr die Kinder).<br \/>\nGez\u00e4hlte 14 (Gef\u00fchlte 59) Kinder sind bei der Geburtstagsparty von Jonas in der Regenbogenwelt dabeigewesen und hatten sichtlich Spass.<br \/>\n(Jonas, Felix, 2 x Cara, Moritz, Maxi K., Maxi B., Tobias, Pauli, Vinc, Sebastian, Alex, Tarik und noch ein Jonas) Zu guter letzt waren alle Kinder durchgeschwitzt und m\u00fcde vom tanzen, klettern, rutschen, <span style=\"font-size: small;\">verstecken,<span style=\"font-size: x-small;\"> fangen, spielen, balancieren, raufen,<span style=\"font-size: xx-small;\"> essen, trinken, h\u00fcpfen, erobern<\/span><\/span><\/span>&#8230;.<\/p>\n<p>Der Geburtstag ist ja schon vorbei (seit einiger Zeit) aber erstens hatte in den Ferien fast niemand Zeit f\u00fcr eine Fete und zweitens ist es gar nicht so einfach eine so coole Location zu bekommen.<\/p>\n<p>Die <a href=\"http:\/\/www.regenbogenwelt.at\/\" target=\"_blank\">Regenbogenwelt <\/a>ist gleich in der N\u00e4he von Felix&#8216; Kindergarten und bieten viele M\u00f6glichkeiten. Vor allem die M\u00f6glichkeit zum &#8222;Outsourcen&#8220; der Party und zum Schonen der eigenen h\u00e4uslichen Einrichtung. Ein paar Schnappsch\u00fcsse haben wir auch gemacht:<br \/>\n<div class=\"fg_gallery\">\n<div class=\"fg_thumbnail\" style=\"width:150px;margin:0px 1px 1px 0px;\">\n<a title=\"Geburtstagsparty Jonas\" href=\"https:\/\/www.zimek.at\/wp\/wp-content\/gallery\/geburtstagsparty-jonas-2013\/einladung.jpg\" data-lightbox=\"69f1952129b7c\"><img decoding=\"async\" src=\"https:\/\/www.zimek.at\/wp\/wp-content\/gallery\/geburtstagsparty-jonas-2013\/cache_150x0\/einladung.jpg\" style=\"width:150px;margin:0;padding:0px;border-width:0px;\" alt=\"Geburtstagsparty Jonas\" \/><\/a><\/div>\n<div class=\"fg_thumbnail\" style=\"width:150px;margin:0px 1px 1px 0px;\">\n<a title=\"Geburtstagsparty Jonas\" href=\"https:\/\/www.zimek.at\/wp\/wp-content\/gallery\/geburtstagsparty-jonas-2013\/img_0098.jpg\" data-lightbox=\"69f1952129b7c\"><img decoding=\"async\" src=\"https:\/\/www.zimek.at\/wp\/wp-content\/gallery\/geburtstagsparty-jonas-2013\/cache_150x0\/img_0098.jpg\" style=\"width:150px;margin:0;padding:0px;border-width:0px;\" alt=\"Geburtstagsparty Jonas\" \/><\/a><\/div>\n<div class=\"fg_thumbnail\" style=\"width:150px;margin:0px 1px 1px 0px;\">\n<a title=\"Geburtstagsparty Jonas\" href=\"https:\/\/www.zimek.at\/wp\/wp-content\/gallery\/geburtstagsparty-jonas-2013\/img_0104.jpg\" data-lightbox=\"69f1952129b7c\"><img decoding=\"async\" src=\"https:\/\/www.zimek.at\/wp\/wp-content\/gallery\/geburtstagsparty-jonas-2013\/cache_150x0\/img_0104.jpg\" style=\"width:150px;margin:0;padding:0px;border-width:0px;\" alt=\"Geburtstagsparty Jonas\" \/><\/a><\/div>\n<div class=\"fg_thumbnail\" style=\"width:150px;margin:0px 1px 1px 0px;\">\n<a title=\"Geburtstagsparty Jonas\" href=\"https:\/\/www.zimek.at\/wp\/wp-content\/gallery\/geburtstagsparty-jonas-2013\/img_0109.jpg\" data-lightbox=\"69f1952129b7c\"><img decoding=\"async\" src=\"https:\/\/www.zimek.at\/wp\/wp-content\/gallery\/geburtstagsparty-jonas-2013\/cache_150x0\/img_0109.jpg\" style=\"width:150px;margin:0;padding:0px;border-width:0px;\" alt=\"Geburtstagsparty Jonas\" \/><\/a><\/div>\n<div class=\"fg_thumbnail\" style=\"width:150px;margin:0px 1px 1px 0px;\">\n<a title=\"Geburtstagsparty Jonas\" href=\"https:\/\/www.zimek.at\/wp\/wp-content\/gallery\/geburtstagsparty-jonas-2013\/img_0114.jpg\" data-lightbox=\"69f1952129b7c\"><img decoding=\"async\" src=\"https:\/\/www.zimek.at\/wp\/wp-content\/gallery\/geburtstagsparty-jonas-2013\/cache_150x0\/img_0114.jpg\" style=\"width:150px;margin:0;padding:0px;border-width:0px;\" alt=\"Geburtstagsparty Jonas\" \/><\/a><\/div>\n<div class=\"fg_thumbnail\" style=\"width:150px;margin:0px 1px 1px 0px;\">\n<a title=\"Geburtstagsparty Jonas\" href=\"https:\/\/www.zimek.at\/wp\/wp-content\/gallery\/geburtstagsparty-jonas-2013\/img_0116.jpg\" data-lightbox=\"69f1952129b7c\"><img decoding=\"async\" src=\"https:\/\/www.zimek.at\/wp\/wp-content\/gallery\/geburtstagsparty-jonas-2013\/cache_150x0\/img_0116.jpg\" style=\"width:150px;margin:0;padding:0px;border-width:0px;\" alt=\"Geburtstagsparty Jonas\" \/><\/a><\/div>\n<div class=\"fg_thumbnail\" style=\"width:150px;margin:0px 1px 1px 0px;\">\n<a title=\"Geburtstagsparty Jonas\" href=\"https:\/\/www.zimek.at\/wp\/wp-content\/gallery\/geburtstagsparty-jonas-2013\/img_0117.jpg\" data-lightbox=\"69f1952129b7c\"><img decoding=\"async\" src=\"https:\/\/www.zimek.at\/wp\/wp-content\/gallery\/geburtstagsparty-jonas-2013\/cache_150x0\/img_0117.jpg\" style=\"width:150px;margin:0;padding:0px;border-width:0px;\" alt=\"Geburtstagsparty Jonas\" \/><\/a><\/div>\n<div class=\"fg_thumbnail\" style=\"width:150px;margin:0px 1px 1px 0px;\">\n<a title=\"Geburtstagsparty Jonas\" href=\"https:\/\/www.zimek.at\/wp\/wp-content\/gallery\/geburtstagsparty-jonas-2013\/img_0118.jpg\" data-lightbox=\"69f1952129b7c\"><img decoding=\"async\" src=\"https:\/\/www.zimek.at\/wp\/wp-content\/gallery\/geburtstagsparty-jonas-2013\/cache_150x0\/img_0118.jpg\" style=\"width:150px;margin:0;padding:0px;border-width:0px;\" alt=\"Geburtstagsparty Jonas\" \/><\/a><\/div>\n<div class=\"fg_thumbnail\" style=\"width:150px;margin:0px 1px 1px 0px;\">\n<a title=\"Geburtstagsparty Jonas\" href=\"https:\/\/www.zimek.at\/wp\/wp-content\/gallery\/geburtstagsparty-jonas-2013\/img_0119.jpg\" data-lightbox=\"69f1952129b7c\"><img decoding=\"async\" src=\"https:\/\/www.zimek.at\/wp\/wp-content\/gallery\/geburtstagsparty-jonas-2013\/cache_150x0\/img_0119.jpg\" style=\"width:150px;margin:0;padding:0px;border-width:0px;\" alt=\"Geburtstagsparty Jonas\" \/><\/a><\/div>\n<div class=\"fg_thumbnail\" style=\"width:150px;margin:0px 1px 1px 0px;\">\n<a title=\"Geburtstagsparty Jonas\" href=\"https:\/\/www.zimek.at\/wp\/wp-content\/gallery\/geburtstagsparty-jonas-2013\/img_0122.jpg\" data-lightbox=\"69f1952129b7c\"><img decoding=\"async\" src=\"https:\/\/www.zimek.at\/wp\/wp-content\/gallery\/geburtstagsparty-jonas-2013\/cache_150x0\/img_0122.jpg\" style=\"width:150px;margin:0;padding:0px;border-width:0px;\" alt=\"Geburtstagsparty Jonas\" \/><\/a><\/div>\n<div class=\"fg_thumbnail\" style=\"width:150px;margin:0px 1px 1px 0px;\">\n<a title=\"Geburtstagsparty Jonas\" href=\"https:\/\/www.zimek.at\/wp\/wp-content\/gallery\/geburtstagsparty-jonas-2013\/img_0141.jpg\" data-lightbox=\"69f1952129b7c\"><img decoding=\"async\" src=\"https:\/\/www.zimek.at\/wp\/wp-content\/gallery\/geburtstagsparty-jonas-2013\/cache_150x0\/img_0141.jpg\" style=\"width:150px;margin:0;padding:0px;border-width:0px;\" alt=\"Geburtstagsparty Jonas\" \/><\/a><\/div>\n<div class=\"fg_thumbnail\" style=\"width:150px;margin:0px 1px 1px 0px;\">\n<a title=\"Geburtstagsparty Jonas\" href=\"https:\/\/www.zimek.at\/wp\/wp-content\/gallery\/geburtstagsparty-jonas-2013\/img_0147.jpg\" data-lightbox=\"69f1952129b7c\"><img decoding=\"async\" src=\"https:\/\/www.zimek.at\/wp\/wp-content\/gallery\/geburtstagsparty-jonas-2013\/cache_150x0\/img_0147.jpg\" style=\"width:150px;margin:0;padding:0px;border-width:0px;\" alt=\"Geburtstagsparty Jonas\" \/><\/a><\/div><br style=\"clear: both\" \/>\n<\/div>\n<\/p>\n","protected":false},"excerpt":{"rendered":"<p>Ja das war lustig (f\u00fcr die Kinder). Gez\u00e4hlte 14 (Gef\u00fchlte 59) Kinder sind bei der Geburtstagsparty von Jonas in der Regenbogenwelt dabeigewesen und hatten sichtlich Spass. (Jonas, Felix, 2 x Cara, Moritz, Maxi K., Maxi B., Tobias, Pauli, Vinc, Sebastian, &hellip; <a href=\"https:\/\/www.zimek.at\/wp\/geburtstagsparty-von-jonas-in-der-regenbogenwelt\/\">Weiterlesen <span class=\"meta-nav\">&rarr;<\/span><\/a><\/p>\n","protected":false},"author":2,"featured_media":0,"comment_status":"open","ping_status":"closed","sticky":false,"template":"","format":"standard","meta":{"footnotes":""},"categories":[7],"tags":[41,26,27,40],"_links":{"self":[{"href":"https:\/\/www.zimek.at\/wp\/wp-json\/wp\/v2\/posts\/382"}],"collection":[{"href":"https:\/\/www.zimek.at\/wp\/wp-json\/wp\/v2\/posts"}],"about":[{"href":"https:\/\/www.zimek.at\/wp\/wp-json\/wp\/v2\/types\/post"}],"author":[{"embeddable":true,"href":"https:\/\/www.zimek.at\/wp\/wp-json\/wp\/v2\/users\/2"}],"replies":[{"embeddable":true,"href":"https:\/\/www.zimek.at\/wp\/wp-json\/wp\/v2\/comments?post=382"}],"version-history":[{"count":15,"href":"https:\/\/www.zimek.at\/wp\/wp-json\/wp\/v2\/posts\/382\/revisions"}],"predecessor-version":[{"id":1263,"href":"https:\/\/www.zimek.at\/wp\/wp-json\/wp\/v2\/posts\/382\/revisions\/1263"}],"wp:attachment":[{"href":"https:\/\/www.zimek.at\/wp\/wp-json\/wp\/v2\/media?parent=382"}],"wp:term":[{"taxonomy":"category","embeddable":true,"href":"https:\/\/www.zimek.at\/wp\/wp-json\/wp\/v2\/categories?post=382"},{"taxonomy":"post_tag","embeddable":true,"href":"https:\/\/www.zimek.at\/wp\/wp-json\/wp\/v2\/tags?post=382"}],"curies":[{"name":"wp","href":"https:\/\/api.w.org\/{rel}","templated":true}]}}